{"id":3627,"date":"2018-06-14T11:55:07","date_gmt":"2018-06-14T09:55:07","guid":{"rendered":"https:\/\/www.esaf2019.ch\/fr\/?p=3627"},"modified":"2018-08-22T13:46:23","modified_gmt":"2018-08-22T11:46:23","slug":"zu-besuch-bei-rind-bombay","status":"publish","type":"post","link":"https:\/\/www.esaf2019.ch\/fr\/zu-besuch-bei-rind-bombay\/","title":{"rendered":"Zu Besuch bei Rind Bombay"},"content":{"rendered":"<p>Am 11. Juni 2018 fiel bei der Leister AG der Startschuss zum Eidg. Schwing- und \u00c4lplerfest 2019 in Zug. Die Leister AG verbindet eine lange Tradition mit dem Schwingen und sie unterst\u00fctzt den Schwingsport seit vielen Jahren. F\u00fcr das Eidg. Schwingfest in Zug sind sie Spender des Lebendpreises f\u00fcr den Drittplatzierten. Zum Startschuss waren Heinz T\u00e4nnler, OK-Pr\u00e4sident, Paul Bachmann, Pr\u00e4sident des Tr\u00e4gervereins ESAF 2019 Zug und der ESAF 2019 Zug-Gesch\u00e4ftsf\u00fchrer Thomas Huwyler eingeladen zu einer Firmenbesichtigung und anschliessendem Besuch auf dem nahe gelegenen K\u00fcchlerhof. Dort wohnt die Jungz\u00fcchterin Jasmin K\u00fcchler und pr\u00e4sentierte stolz das Jungrind Bombay, den Lebendpreis f\u00fcr den Drittplatzierten.<\/p>\n<p>Lesen Sie dazu auch den <a href=\"https:\/\/www.leister.com\/de\/news-ltag\/1806_lag_startschuss\" target=\"_blank\" rel=\"noopener\">Blog-Eintrag<\/a> der Firma Leister AG.<\/p>\n<p>Bildlegende von links nach rechts:\u00a0\u00a0Rind Bombay, Z\u00fcchterin Jasmin K\u00fcchler, Bruno von Wyl (CTO Firma Leister), Paul Bachmann, Heinz T\u00e4nnler und Thomas Huwyler<\/p>\n<p><img loading=\"lazy\" decoding=\"async\" class=\"alignnone size-medium wp-image-3628\" src=\"https:\/\/www.esaf2019.ch\/fr\/wp-content\/uploads\/sites\/3\/2018\/08\/lebendpreisbombay-37-300x200.jpg\" alt=\"\" width=\"300\" height=\"200\" srcset=\"https:\/\/www.esaf2019.ch\/fr\/wp-content\/uploads\/2018\/08\/lebendpreisbombay-37-300x200.jpg 300w, https:\/\/www.esaf2019.ch\/fr\/wp-content\/uploads\/2018\/08\/lebendpreisbombay-37-768x513.jpg 768w, https:\/\/www.esaf2019.ch\/fr\/wp-content\/uploads\/2018\/08\/lebendpreisbombay-37-705x471.jpg 705w, https:\/\/www.esaf2019.ch\/fr\/wp-content\/uploads\/2018\/08\/lebendpreisbombay-37-450x300.jpg 450w, https:\/\/www.esaf2019.ch\/fr\/wp-content\/uploads\/2018\/08\/lebendpreisbombay-37.jpg 800w\" sizes=\"auto, (max-width: 300px) 100vw, 300px\" \/> <img loading=\"lazy\" decoding=\"async\" class=\"alignnone size-medium wp-image-3630\" src=\"https:\/\/www.esaf2019.ch\/fr\/wp-content\/uploads\/sites\/3\/2018\/08\/lebendpreisbombay-24-300x200.jpg\" alt=\"\" width=\"300\" height=\"200\" srcset=\"https:\/\/www.esaf2019.ch\/fr\/wp-content\/uploads\/2018\/08\/lebendpreisbombay-24-300x200.jpg 300w, https:\/\/www.esaf2019.ch\/fr\/wp-content\/uploads\/2018\/08\/lebendpreisbombay-24-768x513.jpg 768w, https:\/\/www.esaf2019.ch\/fr\/wp-content\/uploads\/2018\/08\/lebendpreisbombay-24-705x471.jpg 705w, https:\/\/www.esaf2019.ch\/fr\/wp-content\/uploads\/2018\/08\/lebendpreisbombay-24-450x300.jpg 450w, https:\/\/www.esaf2019.ch\/fr\/wp-content\/uploads\/2018\/08\/lebendpreisbombay-24.jpg 800w\" sizes=\"auto, (max-width: 300px) 100vw, 300px\" \/> <img loading=\"lazy\" decoding=\"async\" class=\"alignnone size-medium wp-image-3632\" src=\"https:\/\/www.esaf2019.ch\/fr\/wp-content\/uploads\/sites\/3\/2018\/08\/lebendpreisbombay-3-300x200.jpg\" alt=\"\" width=\"300\" height=\"200\" srcset=\"https:\/\/www.esaf2019.ch\/fr\/wp-content\/uploads\/2018\/08\/lebendpreisbombay-3-300x200.jpg 300w, https:\/\/www.esaf2019.ch\/fr\/wp-content\/uploads\/2018\/08\/lebendpreisbombay-3-768x513.jpg 768w, https:\/\/www.esaf2019.ch\/fr\/wp-content\/uploads\/2018\/08\/lebendpreisbombay-3-705x471.jpg 705w, https:\/\/www.esaf2019.ch\/fr\/wp-content\/uploads\/2018\/08\/lebendpreisbombay-3-450x300.jpg 450w, https:\/\/www.esaf2019.ch\/fr\/wp-content\/uploads\/2018\/08\/lebendpreisbombay-3.jpg 800w\" sizes=\"auto, (max-width: 300px) 100vw, 300px\" \/> <img loading=\"lazy\" decoding=\"async\" class=\"alignnone size-medium wp-image-3634\" src=\"https:\/\/www.esaf2019.ch\/fr\/wp-content\/uploads\/sites\/3\/2018\/08\/lebendpreisbombay-1-300x200.jpg\" alt=\"\" width=\"300\" height=\"200\" srcset=\"https:\/\/www.esaf2019.ch\/fr\/wp-content\/uploads\/2018\/08\/lebendpreisbombay-1-300x200.jpg 300w, https:\/\/www.esaf2019.ch\/fr\/wp-content\/uploads\/2018\/08\/lebendpreisbombay-1-768x513.jpg 768w, https:\/\/www.esaf2019.ch\/fr\/wp-content\/uploads\/2018\/08\/lebendpreisbombay-1-705x471.jpg 705w, https:\/\/www.esaf2019.ch\/fr\/wp-content\/uploads\/2018\/08\/lebendpreisbombay-1-450x300.jpg 450w, https:\/\/www.esaf2019.ch\/fr\/wp-content\/uploads\/2018\/08\/lebendpreisbombay-1.jpg 800w\" sizes=\"auto, (max-width: 300px) 100vw, 300px\" \/><\/p>\n<p>&nbsp;<\/p>\n","protected":false},"excerpt":{"rendered":"<p>Am 11. Juni 2018 fiel bei der Leister AG der Startschuss zum Eidg. Schwing- und \u00c4lplerfest 2019 in Zug. Die Leister AG verbindet eine lange Tradition mit dem Schwingen und sie unterst\u00fctzt den Schwingsport seit vielen Jahren. F\u00fcr das Eidg. Schwingfest in Zug sind sie Spender des Lebendpreises f\u00fcr den Drittplatzierten. Zum Startschuss waren Heinz [&hellip;]<\/p>\n","protected":false},"author":9,"featured_media":4167,"comment_status":"closed","ping_status":"closed","sticky":false,"template":"","format":"standard","meta":{"footnotes":""},"categories":[30],"tags":[],"class_list":["post-3627","post","type-post","status-publish","format-standard","has-post-thumbnail","hentry","category-fest"],"_links":{"self":[{"href":"https:\/\/www.esaf2019.ch\/fr\/wp-json\/wp\/v2\/posts\/3627","targetHints":{"allow":["GET"]}}],"collection":[{"href":"https:\/\/www.esaf2019.ch\/fr\/wp-json\/wp\/v2\/posts"}],"about":[{"href":"https:\/\/www.esaf2019.ch\/fr\/wp-json\/wp\/v2\/types\/post"}],"author":[{"embeddable":true,"href":"https:\/\/www.esaf2019.ch\/fr\/wp-json\/wp\/v2\/users\/9"}],"replies":[{"embeddable":true,"href":"https:\/\/www.esaf2019.ch\/fr\/wp-json\/wp\/v2\/comments?post=3627"}],"version-history":[{"count":6,"href":"https:\/\/www.esaf2019.ch\/fr\/wp-json\/wp\/v2\/posts\/3627\/revisions"}],"predecessor-version":[{"id":4264,"href":"https:\/\/www.esaf2019.ch\/fr\/wp-json\/wp\/v2\/posts\/3627\/revisions\/4264"}],"wp:featuredmedia":[{"embeddable":true,"href":"https:\/\/www.esaf2019.ch\/fr\/wp-json\/wp\/v2\/media\/4167"}],"wp:attachment":[{"href":"https:\/\/www.esaf2019.ch\/fr\/wp-json\/wp\/v2\/media?parent=3627"}],"wp:term":[{"taxonomy":"category","embeddable":true,"href":"https:\/\/www.esaf2019.ch\/fr\/wp-json\/wp\/v2\/categories?post=3627"},{"taxonomy":"post_tag","embeddable":true,"href":"https:\/\/www.esaf2019.ch\/fr\/wp-json\/wp\/v2\/tags?post=3627"}],"curies":[{"name":"wp","href":"https:\/\/api.w.org\/{rel}","templated":true}]}}